{"id":57,"count":4,"description":"","link":"https:\/\/marilyneletessier-avocat.fr\/en\/cat\/dommage-corporel\/","name":"Dommage corporel","slug":"dommage-corporel","taxonomy":"category","parent":0,"meta":[],"yoast_head":"<!-- This site is optimized with the Yoast SEO plugin v27.5 - https:\/\/yoast.com\/product\/yoast-seo-wordpress\/ -->\n<title>Dommage corporel Archives | Avocat sp\u00e9cialiste en indemnisation du dommage corporel<\/title>\n<meta name=\"robots\" content=\"index, follow, max-snippet:-1, max-image-preview:large, max-video-preview:-1\" \/>\n<link rel=\"canonical\" href=\"https:\/\/marilyneletessier-avocat.fr\/en\/cat\/dommage-corporel\/\" \/>\n<meta property=\"og:locale\" content=\"en_GB\" \/>\n<meta property=\"og:type\" content=\"article\" \/>\n<meta property=\"og:title\" content=\"Dommage corporel Archives | Avocat sp\u00e9cialiste en indemnisation du dommage corporel\" \/>\n<meta property=\"og:url\" content=\"https:\/\/marilyneletessier-avocat.fr\/en\/cat\/dommage-corporel\/\" \/>\n<meta property=\"og:site_name\" content=\"Avocat sp\u00e9cialiste en indemnisation du dommage corporel\" \/>\n<meta name=\"twitter:card\" content=\"summary_large_image\" \/>\n<meta name=\"twitter:site\" content=\"@LetessierMaril1\" \/>\n<script type=\"application\/ld+json\" class=\"yoast-schema-graph\">{\"@context\":\"https:\\\/\\\/schema.org\",\"@graph\":[{\"@type\":\"CollectionPage\",\"@id\":\"https:\\\/\\\/marilyneletessier-avocat.fr\\\/cat\\\/dommage-corporel\\\/\",\"url\":\"https:\\\/\\\/marilyneletessier-avocat.fr\\\/cat\\\/dommage-corporel\\\/\",\"name\":\"Dommage corporel Archives | Avocat sp\u00e9cialiste en indemnisation du dommage corporel\",\"isPartOf\":{\"@id\":\"https:\\\/\\\/marilyneletessier-avocat.fr\\\/#website\"},\"breadcrumb\":{\"@id\":\"https:\\\/\\\/marilyneletessier-avocat.fr\\\/cat\\\/dommage-corporel\\\/#breadcrumb\"},\"inLanguage\":\"en-GB\"},{\"@type\":\"BreadcrumbList\",\"@id\":\"https:\\\/\\\/marilyneletessier-avocat.fr\\\/cat\\\/dommage-corporel\\\/#breadcrumb\",\"itemListElement\":[{\"@type\":\"ListItem\",\"position\":1,\"name\":\"Accueil\",\"item\":\"https:\\\/\\\/marilyneletessier-avocat.fr\\\/\"},{\"@type\":\"ListItem\",\"position\":2,\"name\":\"Dommage corporel\"}]},{\"@type\":\"WebSite\",\"@id\":\"https:\\\/\\\/marilyneletessier-avocat.fr\\\/#website\",\"url\":\"https:\\\/\\\/marilyneletessier-avocat.fr\\\/\",\"name\":\"Avocat sp\u00e9cialiste en indemnisation du dommage corporel\",\"description\":\"La r\u00e9f\u00e9rence des Avocats sp\u00e9cialistes en indemnisation du dommage corporel\",\"publisher\":{\"@id\":\"https:\\\/\\\/marilyneletessier-avocat.fr\\\/#organization\"},\"potentialAction\":[{\"@type\":\"SearchAction\",\"target\":{\"@type\":\"EntryPoint\",\"urlTemplate\":\"https:\\\/\\\/marilyneletessier-avocat.fr\\\/?s={search_term_string}\"},\"query-input\":{\"@type\":\"PropertyValueSpecification\",\"valueRequired\":true,\"valueName\":\"search_term_string\"}}],\"inLanguage\":\"en-GB\"},{\"@type\":\"Organization\",\"@id\":\"https:\\\/\\\/marilyneletessier-avocat.fr\\\/#organization\",\"name\":\"Ma\u00eetre Marilyne Letessier\",\"url\":\"https:\\\/\\\/marilyneletessier-avocat.fr\\\/\",\"logo\":{\"@type\":\"ImageObject\",\"inLanguage\":\"en-GB\",\"@id\":\"https:\\\/\\\/marilyneletessier-avocat.fr\\\/#\\\/schema\\\/logo\\\/image\\\/\",\"url\":\"https:\\\/\\\/marilyneletessier-avocat.fr\\\/wp-content\\\/uploads\\\/2017\\\/11\\\/logo-300x156-1.png\",\"contentUrl\":\"https:\\\/\\\/marilyneletessier-avocat.fr\\\/wp-content\\\/uploads\\\/2017\\\/11\\\/logo-300x156-1.png\",\"width\":300,\"height\":156,\"caption\":\"Ma\u00eetre Marilyne Letessier\"},\"image\":{\"@id\":\"https:\\\/\\\/marilyneletessier-avocat.fr\\\/#\\\/schema\\\/logo\\\/image\\\/\"},\"sameAs\":[\"https:\\\/\\\/www.facebook.com\\\/Ma\u00eetre-Marilyne-Letessier-103635994803104\",\"https:\\\/\\\/x.com\\\/LetessierMaril1\",\"https:\\\/\\\/www.instagram.com\\\/marilyne.letessier.avocat\\\/\",\"https:\\\/\\\/www.linkedin.com\\\/in\\\/marilyne-letessier-75229a82\\\/\"]}]}<\/script>\n<!-- \/ Yoast SEO plugin. -->","yoast_head_json":{"title":"Dommage corporel Archives | Avocat sp\u00e9cialiste en indemnisation du dommage corporel","robots":{"index":"index","follow":"follow","max-snippet":"max-snippet:-1","max-image-preview":"max-image-preview:large","max-video-preview":"max-video-preview:-1"},"canonical":"https:\/\/marilyneletessier-avocat.fr\/en\/cat\/dommage-corporel\/","og_locale":"en_GB","og_type":"article","og_title":"Dommage corporel Archives | Avocat sp\u00e9cialiste en indemnisation du dommage corporel","og_url":"https:\/\/marilyneletessier-avocat.fr\/en\/cat\/dommage-corporel\/","og_site_name":"Avocat sp\u00e9cialiste en indemnisation du dommage corporel","twitter_card":"summary_large_image","twitter_site":"@LetessierMaril1","schema":{"@context":"https:\/\/schema.org","@graph":[{"@type":"CollectionPage","@id":"https:\/\/marilyneletessier-avocat.fr\/cat\/dommage-corporel\/","url":"https:\/\/marilyneletessier-avocat.fr\/cat\/dommage-corporel\/","name":"Dommage corporel Archives | Avocat sp\u00e9cialiste en indemnisation du dommage corporel","isPartOf":{"@id":"https:\/\/marilyneletessier-avocat.fr\/#website"},"breadcrumb":{"@id":"https:\/\/marilyneletessier-avocat.fr\/cat\/dommage-corporel\/#breadcrumb"},"inLanguage":"en-GB"},{"@type":"BreadcrumbList","@id":"https:\/\/marilyneletessier-avocat.fr\/cat\/dommage-corporel\/#breadcrumb","itemListElement":[{"@type":"ListItem","position":1,"name":"Accueil","item":"https:\/\/marilyneletessier-avocat.fr\/"},{"@type":"ListItem","position":2,"name":"Dommage corporel"}]},{"@type":"WebSite","@id":"https:\/\/marilyneletessier-avocat.fr\/#website","url":"https:\/\/marilyneletessier-avocat.fr\/","name":"Avocat sp\u00e9cialiste en indemnisation du dommage corporel","description":"La r\u00e9f\u00e9rence des Avocats sp\u00e9cialistes en indemnisation du dommage corporel","publisher":{"@id":"https:\/\/marilyneletessier-avocat.fr\/#organization"},"potentialAction":[{"@type":"SearchAction","target":{"@type":"EntryPoint","urlTemplate":"https:\/\/marilyneletessier-avocat.fr\/?s={search_term_string}"},"query-input":{"@type":"PropertyValueSpecification","valueRequired":true,"valueName":"search_term_string"}}],"inLanguage":"en-GB"},{"@type":"Organization","@id":"https:\/\/marilyneletessier-avocat.fr\/#organization","name":"Marilyne Letessier","url":"https:\/\/marilyneletessier-avocat.fr\/","logo":{"@type":"ImageObject","inLanguage":"en-GB","@id":"https:\/\/marilyneletessier-avocat.fr\/#\/schema\/logo\/image\/","url":"https:\/\/marilyneletessier-avocat.fr\/wp-content\/uploads\/2017\/11\/logo-300x156-1.png","contentUrl":"https:\/\/marilyneletessier-avocat.fr\/wp-content\/uploads\/2017\/11\/logo-300x156-1.png","width":300,"height":156,"caption":"Ma\u00eetre Marilyne Letessier"},"image":{"@id":"https:\/\/marilyneletessier-avocat.fr\/#\/schema\/logo\/image\/"},"sameAs":["https:\/\/www.facebook.com\/Ma\u00eetre-Marilyne-Letessier-103635994803104","https:\/\/x.com\/LetessierMaril1","https:\/\/www.instagram.com\/marilyne.letessier.avocat\/","https:\/\/www.linkedin.com\/in\/marilyne-letessier-75229a82\/"]}]}},"_links":{"self":[{"href":"https:\/\/marilyneletessier-avocat.fr\/en\/wp-json\/wp\/v2\/categories\/57","targetHints":{"allow":["GET"]}}],"collection":[{"href":"https:\/\/marilyneletessier-avocat.fr\/en\/wp-json\/wp\/v2\/categories"}],"about":[{"href":"https:\/\/marilyneletessier-avocat.fr\/en\/wp-json\/wp\/v2\/taxonomies\/category"}],"wp:post_type":[{"href":"https:\/\/marilyneletessier-avocat.fr\/en\/wp-json\/wp\/v2\/posts?categories=57"}],"curies":[{"name":"wp","href":"https:\/\/api.w.org\/{rel}","templated":true}]}}